{"id":331,"date":"2025-04-04T09:55:04","date_gmt":"2025-04-04T09:55:04","guid":{"rendered":"https:\/\/evolueazaimpreunacunoi.ro\/?p=331"},"modified":"2025-04-04T09:55:04","modified_gmt":"2025-04-04T09:55:04","slug":"inscrie-te-in-grupul-tinta-al-proiectului-evolueaza-impreuna-cu-noi-si-investeste-in-dezvoltarea-ta-profesionala","status":"publish","type":"post","link":"https:\/\/evolueazaimpreunacunoi.ro\/index.php\/2025\/04\/04\/inscrie-te-in-grupul-tinta-al-proiectului-evolueaza-impreuna-cu-noi-si-investeste-in-dezvoltarea-ta-profesionala\/","title":{"rendered":"\u00censcrie-te \u00een grupul \u021bint\u0103 al proiectului \u201eEvolueaz\u0103 \u00eempreun\u0103 cu noi\u201d \u0219i investe\u0219te \u00een dezvoltarea ta profesional\u0103!"},"content":{"rendered":"\n<p>Dac\u0103 e\u0219ti angajat \u00een regiunea Bucure\u0219ti-Ilfov \u0219i \u00ee\u021bi dore\u0219ti s\u0103 te dezvol\u021bi profesional prin cursuri gratuite \u0219i activit\u0103\u021bi de formare relevante pentru pia\u021ba muncii, proiectul <strong>\u201eEvolueaz\u0103 \u00eempreun\u0103 cu noi\u201d<\/strong> \u00ee\u021bi ofer\u0103 o oportunitate excelent\u0103!<\/p>\n\n\n\n<h3 class=\"wp-block-heading\"><strong>Cine poate face parte din grupul \u021bint\u0103?<\/strong><\/h3>\n\n\n\n<p>Proiectul se adreseaz\u0103 unui num\u0103r de <strong>602 angaja\u021bi<\/strong> din \u00eentreprinderi publice \u0219i\/sau private din regiunea Bucure\u0219ti \u2013 Ilfov, care au <strong>contract individual de munc\u0103<\/strong> (cu norm\u0103 \u00eentreag\u0103 sau cu timp par\u021bial). Sunt incluse \u0219i persoanele care ocup\u0103 pozi\u021bii de management, <strong>cu excep\u021bia administratorilor sau reprezentan\u021bilor legali<\/strong>.<\/p>\n\n\n\n<h3 class=\"wp-block-heading\"><strong>Criterii generale de eligibilitate:<\/strong><\/h3>\n\n\n\n<p>Pentru a te putea \u00eenscrie, trebuie s\u0103 \u00eendepline\u0219ti urm\u0103toarele condi\u021bii:<\/p>\n\n\n\n<ul class=\"wp-block-list\">\n<li>S\u0103 ai <strong>domiciliul sau re\u0219edin\u021ba \u00een regiunea Bucure\u0219ti \u2013 Ilfov<\/strong>;<br><\/li>\n\n\n\n<li>S\u0103 fii <strong>angajat cu contract individual de munc\u0103<\/strong>;<br><\/li>\n\n\n\n<li>S\u0103 ai v\u00e2rsta de <strong>minimum 18 ani<\/strong> \u00eemplini\u021bi \u0219i <strong>sub 65 de ani<\/strong>;<br><\/li>\n\n\n\n<li>S\u0103 de\u021bii un nivel al studiilor cuprins \u00eentre <strong>ISCED 3 \u2013 ISCED 8<\/strong> (minimum 10 clase);<br><\/li>\n\n\n\n<li>S\u0103 prezin\u021bi o <strong>adeverin\u021b\u0103 de la angajator<\/strong> (sau copie a contractului de munc\u0103) din care s\u0103 reias\u0103 ocupa\u021bia (codul COR), norma de lucru \u0219i durata contractului.<br><\/li>\n<\/ul>\n\n\n\n<h3 class=\"wp-block-heading\"><strong>Documente necesare pentru \u00eenscriere:<\/strong><\/h3>\n\n\n\n<p>Pentru a deveni participant \u00een proiect, trebuie s\u0103 preg\u0103te\u0219ti urm\u0103toarele documente:<\/p>\n\n\n\n<ul class=\"wp-block-list\">\n<li><strong>Copie carte de identitate<\/strong>;<br><\/li>\n\n\n\n<li><strong>Copie certificat de na\u0219tere<\/strong>;<br><\/li>\n\n\n\n<li><strong>Copie certificat de c\u0103s\u0103torie<\/strong> (dac\u0103 ai schimbat numele);<br><\/li>\n\n\n\n<li><strong>Copie diplom\u0103 de studii<\/strong> (minimum 10 clase);<br><\/li>\n\n\n\n<li><strong>Adeverin\u021b\u0103 de la angajator<\/strong> sau <strong>copie a contractului individual de munc\u0103<\/strong>.<br><\/li>\n<\/ul>\n\n\n\n<h3 class=\"wp-block-heading\"><strong>De ce s\u0103 te \u00eenscrii?<\/strong><\/h3>\n\n\n\n<p>Participan\u021bii din grupul \u021bint\u0103 vor beneficia de <strong>programe de formare profesional\u0103 gratuite<\/strong>, adaptate cerin\u021belor actuale ale pie\u021bei muncii, care contribuie la \u00eembun\u0103t\u0103\u021birea competen\u021belor \u0219i calific\u0103rilor. Este o \u0219ans\u0103 real\u0103 de <strong>evolu\u021bie \u00een carier\u0103<\/strong>, fie c\u0103 dore\u0219ti s\u0103 avansezi \u00een cadrul companiei, fie c\u0103 \u00ee\u021bi dore\u0219ti mai mult\u0103 mobilitate profesional\u0103.<\/p>\n\n\n\n<h3 class=\"wp-block-heading\"><strong>Cum te \u00eenscrii?<\/strong><\/h3>\n\n\n\n<p>Intr\u0103 pe site-ul<a href=\"http:\/\/www.evolueazaimpreunacunoi.ro\"> <\/a><a href=\"https:\/\/evolueazaimpreunacunoi.ro\/index.php\/inscriere-grup-tinta\/\">https:\/\/evolueazaimpreunacunoi.ro\/index.php\/inscriere-grup-tinta\/<\/a> , acceseaz\u0103 sec\u021biunea dedicat\u0103 <strong>\u00eenscrierii \u00een grupul \u021bint\u0103<\/strong>, completeaz\u0103 formularul \u0219i \u00eencarc\u0103 documentele necesare. Echipa proiectului te va contacta pentru validare \u0219i pa\u0219ii urm\u0103tori.<\/p>\n","protected":false},"excerpt":{"rendered":"<p>Dac\u0103 e\u0219ti angajat \u00een regiunea Bucure\u0219ti-Ilfov \u0219i \u00ee\u021bi dore\u0219ti s\u0103 te dezvol\u021bi profesional prin cursuri gratuite \u0219i activit\u0103\u021bi de formare relevante pentru pia\u021ba muncii, proiectul \u201eEvolueaz\u0103 \u00eempreun\u0103 cu noi\u201d \u00ee\u021bi ofer\u0103 o oportunitate excelent\u0103! Cine poate face parte din grupul \u021bint\u0103? Proiectul se adreseaz\u0103 unui num\u0103r de 602 angaja\u021bi din \u00eentreprinderi publice \u0219i\/sau private din regiunea Bucure\u0219ti \u2013 Ilfov, care&#8230;<\/p>\n","protected":false},"author":1,"featured_media":332,"comment_status":"open","ping_status":"open","sticky":false,"template":"","format":"standard","meta":{"footnotes":""},"categories":[2,6],"tags":[],"class_list":["post-331","post","type-post","status-publish","format-standard","has-post-thumbnail","hentry","category-blog","category-noutati"],"_links":{"self":[{"href":"https:\/\/evolueazaimpreunacunoi.ro\/index.php\/wp-json\/wp\/v2\/posts\/331","targetHints":{"allow":["GET"]}}],"collection":[{"href":"https:\/\/evolueazaimpreunacunoi.ro\/index.php\/wp-json\/wp\/v2\/posts"}],"about":[{"href":"https:\/\/evolueazaimpreunacunoi.ro\/index.php\/wp-json\/wp\/v2\/types\/post"}],"author":[{"embeddable":true,"href":"https:\/\/evolueazaimpreunacunoi.ro\/index.php\/wp-json\/wp\/v2\/users\/1"}],"replies":[{"embeddable":true,"href":"https:\/\/evolueazaimpreunacunoi.ro\/index.php\/wp-json\/wp\/v2\/comments?post=331"}],"version-history":[{"count":1,"href":"https:\/\/evolueazaimpreunacunoi.ro\/index.php\/wp-json\/wp\/v2\/posts\/331\/revisions"}],"predecessor-version":[{"id":333,"href":"https:\/\/evolueazaimpreunacunoi.ro\/index.php\/wp-json\/wp\/v2\/posts\/331\/revisions\/333"}],"wp:featuredmedia":[{"embeddable":true,"href":"https:\/\/evolueazaimpreunacunoi.ro\/index.php\/wp-json\/wp\/v2\/media\/332"}],"wp:attachment":[{"href":"https:\/\/evolueazaimpreunacunoi.ro\/index.php\/wp-json\/wp\/v2\/media?parent=331"}],"wp:term":[{"taxonomy":"category","embeddable":true,"href":"https:\/\/evolueazaimpreunacunoi.ro\/index.php\/wp-json\/wp\/v2\/categories?post=331"},{"taxonomy":"post_tag","embeddable":true,"href":"https:\/\/evolueazaimpreunacunoi.ro\/index.php\/wp-json\/wp\/v2\/tags?post=331"}],"curies":[{"name":"wp","href":"https:\/\/api.w.org\/{rel}","templated":true}]}}